{"id":2398,"date":"2019-11-28T14:54:00","date_gmt":"2019-11-28T06:54:00","guid":{"rendered":"https:\/\/flydesk.com\/?p=2398"},"modified":"2023-01-11T11:26:30","modified_gmt":"2023-01-11T03:26:30","slug":"best-tech-organizers-to-mobilize-your-flexible-work","status":"publish","type":"post","link":"https:\/\/flydesk.com\/sv\/insights\/best-tech-organizers-to-mobilize-your-flexible-work\/","title":{"rendered":"B\u00e4sta tekniska arrang\u00f6rerna f\u00f6r att mobilisera ditt flexibla arbete"},"content":{"rendered":"<p>Eftersom traditionella arbetsplatser forts\u00e4tter att utvecklas och den flexibla arbetsstyrkan v\u00e4xer ih\u00e4rdigt, oavsett om du \u00e4r f\u00f6retags\u00e4gare, chef eller kreativ, \u00e4r det oundvikligt att ha n\u00e5gra enheter i v\u00e4skan dagligen. Att h\u00e5lla sig organiserad n\u00e4r du \u00e4r p\u00e5 spr\u00e5ng \u00e4r viktigt n\u00e4r du glider genom m\u00f6ten och reser och blir en nyckelfaktor f\u00f6r din produktivitet. H\u00e4r p\u00e5 FLYDESK har vi samlat fem av de b\u00e4sta tekniska arrang\u00f6rerna p\u00e5 marknaden s\u00e5 att du kan flyga ditt arbete var som helst.<\/p>\r\n\r\n\r\n\r\n<ol>\r\n<li><a class=\"fl-scroll-link\"   href=\"#NU\">STOW Accessory Organizer fr\u00e5n Native Union<\/a><\/li>\r\n<li><a class=\"fl-scroll-link\"   href=\"#Thule\">Subterra Powershuttle Mini resev\u00e4ska fr\u00e5n Thule<\/a><\/li>\r\n<li><a class=\"fl-scroll-link\"   href=\"#bellroy\">Klassisk p\u00e5se fr\u00e5n Bellroy<\/a><\/li>\r\n<li><a class=\"fl-scroll-link\"   href=\"#MG\">Double Leather Charger Roll Up fr\u00e5n Mark &amp; Graham<\/a><\/li>\r\n<li><a class=\"fl-scroll-link\"   href=\"#rushfaster\">Peak Design Tech Pouch fr\u00e5n Rushfaster<\/a><\/li>\r\n<\/ol>\r\n\r\n\r\n\r\n<h2 class=\"wp-block-heading\" id=\"NU\">1. STOW Accessory Organizer fr\u00e5n Native Union<\/h2>\r\n\r\n\r\n\r\n<figure class=\"wp-block-image size-large\"><img decoding=\"async\"   width=\"1024\"   height=\"681\"   class=\"wp-image-2402\"   src=\"https:\/\/mlgucbjxeu1m.i.optimole.com\/cb:B7VA.3e989\/w:1024\/h:681\/q:mauto\/ig:avif\/f:best\/https:\/\/flydesk.com\/wp-content\/uploads\/2019\/11\/NU_1-1.png\" alt=\"\" \/><\/figure>\r\n\r\n\r\n\r\n<figure class=\"wp-block-image size-large\"><img decoding=\"async\"   width=\"1024\"   height=\"482\"   class=\"wp-image-2403\"   src=\"https:\/\/mlgucbjxeu1m.i.optimole.com\/cb:B7VA.3e989\/w:1024\/h:482\/q:mauto\/ig:avif\/f:best\/https:\/\/flydesk.com\/wp-content\/uploads\/2019\/11\/NU_2.png\" alt=\"\" \/><\/figure>\r\n\r\n\r\n\r\n<p><a href=\"https:\/\/www.nativeunion.com\/stow-organizer\"   target=\"_blank\"   rel=\"noreferrer noopener\"   aria-label=\"Native Union's STOW Organizer (opens in a new tab)\">Native Union:s STOW Organizer<\/a> kombinerar b\u00e5de funktionalitet och design. Vi \u00e4r imponerade av deras uppm\u00e4rksamhet p\u00e5 detaljer och engagemang f\u00f6r kvalitet. Den minimala exteri\u00f6ren \u00e4r gjord av \u00e4kta l\u00e4der och slitstark belagd canvas med samma tekniker f\u00f6r att g\u00f6ra premium l\u00e4dervaror; fodralet \u00e4r fodrat med vattent\u00e4t dragkedja f\u00f6r s\u00e4ker st\u00e4ngning. Materialval och snygg design \u00e4r noga \u00f6verv\u00e4gda f\u00f6r extra skydd mot slitage. Den har till och med en ficka f\u00f6r snabb \u00e5tkomst, som m\u00e5nga andra arrang\u00f6rer saknar, som passar f\u00f6r boardingkort, pass, brev och andra f\u00f6rem\u00e5l som du kan beh\u00f6va n\u00e5 snabbt p\u00e5 spr\u00e5ng.<\/p>\r\n\r\n\r\n\r\n<p>Den rymliga och quiltade interi\u00f6ren \u00f6ppnar upp sig och har fyra flera remmar och tv\u00e5 t\u00f6jbara fickor, designade f\u00f6r att passa dina \u00f6ronsn\u00e4ckor, surfplatta, kablar och laddare f\u00f6r olika enheter. Vi vet alla att att h\u00e5lla sig organiserad \u00e4r nyckeln till optimalt <a href=\"https:\/\/flydesk.com\/sv\/2019\/12\/increase-productivity-for-distributed-teams\/\"  target=\"_blank\" rel=\"noopener noreferrer\">produktivitet<\/a>. STOW-arrang\u00f6ren \u00e4r definitivt ett av de b\u00e4sta alternativen d\u00e4r ute n\u00e4r det kommer till design och funktion, f\u00f6r att inte tala om att den erbjuds till ett pl\u00e5nboksv\u00e4nligt pris, definitivt en investering som inte bryter banken. Det verkar som om vi redan har en favorit h\u00e4r.<\/p>\r\n\r\n\r\n\r\n<h2 class=\"wp-block-heading\"  id=\"Thule\">2. Subterra Powershuttle Mini resev\u00e4ska fr\u00e5n Thule<\/h2>\r\n\r\n\r\n\r\n<figure class=\"wp-block-image size-large\"><img decoding=\"async\"   width=\"1024\"   height=\"680\"   class=\"wp-image-2404\"   src=\"https:\/\/mlgucbjxeu1m.i.optimole.com\/cb:B7VA.3e989\/w:1024\/h:680\/q:mauto\/ig:avif\/f:best\/https:\/\/flydesk.com\/wp-content\/uploads\/2019\/11\/Thule_01.png\" alt=\"\" \/><\/figure>\r\n\r\n\r\n\r\n<figure class=\"wp-block-image size-large\"><img data-opt-src=\"https:\/\/mlgucbjxeu1m.i.optimole.com\/cb:B7VA.3e989\/w:1024\/h:680\/q:mauto\/ig:avif\/f:best\/https:\/\/flydesk.com\/wp-content\/uploads\/2019\/11\/Thule_03.png\"   decoding=\"async\"   width=\"1024\"   height=\"680\"   class=\"wp-image-2405\"   src=\"https:\/\/mlgucbjxeu1m.i.optimole.com\/cb:B7VA.3e989\/w:1024\/h:680\/q:eco\/ig:avif\/f:best\/https:\/\/flydesk.com\/wp-content\/uploads\/2019\/11\/Thule_03.png\" alt=\"\" \/><\/figure>\r\n\r\n\r\n\r\n<p>Thule etablerades i Sverige 1942 och \u00e4r den l\u00e4ngsta spelaren i line-upen och har utan tvekan st\u00e5tt sig genom tiderna. Det \u00e4r Thules m\u00e5l att hj\u00e4lpa dig att ta ditt liv med dig, och dess <a href=\"https:\/\/shop.nordstrom.com\/s\/thule-subterra-powershuttle-mini-travel-case\/5140482?origin=category-personalizedsort&amp;breadcrumb=Home%2FMen%2FAccessories%2FLuggage%20%26%20Travel%2FDopp%20Kits%20%26%20Toiletry%20Bags&amp;color=dark%20shadow\" target=\"_blank\" rel=\"noreferrer noopener\" aria-label=\"Subterra Powershuttle Mini Travel Case (opens in a new tab)\">Subterra Powershuttle Mini resev\u00e4ska<\/a> g\u00f6r det lite l\u00e4ttare att ta med dina enheter.<\/p>\r\n\r\n\r\n\r\n<p>Eftersom det \u00e4r det mest kompakta fodralet av de fem, kanske det inte har det b\u00e4sta utseendet, men det har verkligen en imponerande kapacitet f\u00f6r sin ministorlek, med n\u00e5gra noggrant designade fack kan det rymma dina h\u00f6rsn\u00e4ckor, laddare, kablar, adaptrar, str\u00f6m leverans med sina inv\u00e4ndiga blixtl\u00e5sfickor och elastiska \u00f6glor, imponerande eller hur? Minifodralet \u00e4r l\u00e4tt och vattent\u00e5ligt; den passar ocks\u00e5 bra i ryggst\u00f6dsfickan p\u00e5 planet, vilket g\u00f6r den till ett utm\u00e4rkt till\u00e4gg till handbagaget f\u00f6r de frekventa resen\u00e4rer som inte kan leva utan sina n\u00f6dv\u00e4ndigheter.\u00a0<\/p>\r\n\r\n\r\n\r\n<h2 class=\"wp-block-heading\"   id=\"bellroy\">3. Klassisk p\u00e5se fr\u00e5n Bellroy<\/h2>\r\n\r\n\r\n\r\n<figure class=\"wp-block-image size-large\"><img data-opt-src=\"https:\/\/mlgucbjxeu1m.i.optimole.com\/cb:B7VA.3e989\/w:1024\/h:683\/q:mauto\/ig:avif\/f:best\/https:\/\/flydesk.com\/wp-content\/uploads\/2019\/11\/Bellroy_1.jpg\"   decoding=\"async\"   width=\"1024\"   height=\"683\"   class=\"wp-image-2406\"   src=\"https:\/\/mlgucbjxeu1m.i.optimole.com\/cb:B7VA.3e989\/w:1024\/h:683\/q:eco\/ig:avif\/f:best\/https:\/\/flydesk.com\/wp-content\/uploads\/2019\/11\/Bellroy_1.jpg\" alt=\"\" \/><\/figure>\r\n\r\n\r\n\r\n<figure class=\"wp-block-image size-large\"><img data-opt-src=\"https:\/\/mlgucbjxeu1m.i.optimole.com\/cb:B7VA.3e989\/w:1024\/h:683\/q:mauto\/ig:avif\/f:best\/https:\/\/flydesk.com\/wp-content\/uploads\/2019\/11\/Bellroy_3.jpg\"   decoding=\"async\"   width=\"1024\"   height=\"683\"   class=\"wp-image-2407\"   src=\"https:\/\/mlgucbjxeu1m.i.optimole.com\/cb:B7VA.3e989\/w:1024\/h:683\/q:eco\/ig:avif\/f:best\/https:\/\/flydesk.com\/wp-content\/uploads\/2019\/11\/Bellroy_3.jpg\" alt=\"\" \/><\/figure>\r\n\r\n\r\n\r\n<p><a href=\"https:\/\/bellroy.com\/products\/classic-pouch\/dura_nylon\/neon_cabernet#8\"   target=\"_blank\"   rel=\"noreferrer noopener\"   aria-label=\"Bellroy's Classic Pouch (opens in a new tab)\">Bellroys klassiska p\u00e5se<\/a> \u00e4r inte din vanliga tekniska arrang\u00f6r, utan snarare ett Dopp-kit f\u00f6r vardagliga saker. Halvm\u00e5nep\u00e5sen \u00e4r designad f\u00f6r att passa n\u00e4stan allt du beh\u00f6ver f\u00f6r att h\u00e5lla ditt liv i r\u00f6relse, speciellt n\u00e4r du \u00e4r p\u00e5 spr\u00e5ng, oavsett om det \u00e4r kablar, str\u00f6mf\u00f6rs\u00f6rjning, pappersvaror, toalettartiklar, kosmetika och andra personliga f\u00f6rem\u00e5l. Den har ett stort mittfack och tre sidfickor f\u00f6r grundl\u00e4ggande organisation, denna rymliga p\u00e5se kan verkligen passa alla. Tillverkad av h\u00e5llbart producerat v\u00e4vt tyg, \u00e4r Bellroys p\u00e5se l\u00e4tt och hopf\u00e4llbar f\u00f6r b\u00e4ttre portabilitet, och de garvade l\u00e4derdetaljerna ger den en f\u00f6rstklassig touch.<\/p>\r\n\r\n\r\n\r\n<p>Om du inte \u00e4r en av dem som har ett tv\u00e5ngsm\u00e4ssigt behov av att ha ett dedikerat utrymme f\u00f6r varje tillbeh\u00f6r, \u00e4r det ett utm\u00e4rkt val att f\u00f6rvara alla n\u00f6dv\u00e4ndigheter p\u00e5 ett st\u00e4lle. Med sex f\u00e4rger att v\u00e4lja mellan, har Classic Pouch ett alternativ f\u00f6r alla smaker, och n\u00e4mnde vi att den kommer med tre \u00e5rs garanti?<\/p>\r\n\r\n\r\n\r\n<h2 class=\"wp-block-heading\" id=\"MG\">4. Double Leather Charger Roll Up fr\u00e5n Mark &amp; Graham<\/h2>\r\n\r\n\r\n\r\n<figure class=\"wp-block-image size-large\"><img data-opt-src=\"https:\/\/mlgucbjxeu1m.i.optimole.com\/cb:B7VA.3e989\/w:1024\/h:1024\/q:mauto\/ig:avif\/f:best\/https:\/\/flydesk.com\/wp-content\/uploads\/2019\/11\/MG_2.png\"   decoding=\"async\"   width=\"1024\"   height=\"1024\"   class=\"wp-image-2409\"   src=\"https:\/\/mlgucbjxeu1m.i.optimole.com\/cb:B7VA.3e989\/w:1024\/h:1024\/q:eco\/ig:avif\/f:best\/https:\/\/flydesk.com\/wp-content\/uploads\/2019\/11\/MG_2.png\" alt=\"\" \/><\/figure>\r\n\r\n\r\n\r\n<figure class=\"wp-block-image size-large\"><img data-opt-src=\"https:\/\/mlgucbjxeu1m.i.optimole.com\/cb:B7VA.3e989\/w:1024\/h:1024\/q:mauto\/ig:avif\/f:best\/https:\/\/flydesk.com\/wp-content\/uploads\/2019\/11\/MG_1.png\"   decoding=\"async\"   width=\"1024\"   height=\"1024\"   class=\"wp-image-2408\"   src=\"https:\/\/mlgucbjxeu1m.i.optimole.com\/cb:B7VA.3e989\/w:1024\/h:1024\/q:eco\/ig:avif\/f:best\/https:\/\/flydesk.com\/wp-content\/uploads\/2019\/11\/MG_1.png\" alt=\"\" \/><\/figure>\r\n\r\n\r\n\r\n<p>Mark &amp; Grahams Double Leather Charger Roll Up \u00e4r en slips och g\u00e5-arrang\u00f6r som \u00e4r gjord f\u00f6r teknikkunniga mode\u00e4lskare, redakt\u00f6rer och bloggare som har flexibla arbetsscheman och reser ofta. Tillverkad helt i mjukt och smidigt l\u00e4der, kan roll-up-organisatorn vikas till en cylinderform eller en surfplatta cover beroende p\u00e5 vilka f\u00f6rem\u00e5l du har. Med tre fickor i olika storlekar ger den precis tillr\u00e4ckligt med fack f\u00f6r att f\u00f6rvara din surfplatta, str\u00f6mf\u00f6rs\u00f6rjning och kablar snyggt. Mark &amp; Graham erbjuder ocks\u00e5 gratis monogramtj\u00e4nst f\u00f6r foliepr\u00e4glade initialer p\u00e5 denna produkt, med en omedelbar f\u00f6rhandsvisning p\u00e5 dess officiella webbplats, du kan anpassa typsnitten och mata in upp till tre bokst\u00e4ver.\u00a0<\/p>\r\n\r\n\r\n\r\n<p>L\u00e4derrullen finns i fyra sofistikerade enkelf\u00e4rger och presentf\u00f6rpackningar, tillsammans med den enkla personaliseringstj\u00e4nsten g\u00f6r den en presentabel och omt\u00e4nksam present.<\/p>\r\n\r\n\r\n\r\n<h2 class=\"wp-block-heading\"  id=\"rushfaster\">5. Peak Design Tech Pouch fr\u00e5n Rushfaster<\/h2>\r\n\r\n\r\n\r\n<figure class=\"wp-block-image size-large\"><img data-opt-src=\"https:\/\/mlgucbjxeu1m.i.optimole.com\/cb:B7VA.3e989\/w:963\/h:1024\/q:mauto\/ig:avif\/f:best\/https:\/\/flydesk.com\/wp-content\/uploads\/2019\/11\/RF_2.png\"   decoding=\"async\"   width=\"963\"   height=\"1024\"   class=\"wp-image-2410\"   src=\"https:\/\/mlgucbjxeu1m.i.optimole.com\/cb:B7VA.3e989\/w:963\/h:1024\/q:eco\/ig:avif\/f:best\/https:\/\/flydesk.com\/wp-content\/uploads\/2019\/11\/RF_2.png\" alt=\"\" \/><\/figure>\r\n\r\n\r\n\r\n<figure class=\"wp-block-image size-large\"><img data-opt-src=\"https:\/\/mlgucbjxeu1m.i.optimole.com\/cb:B7VA.3e989\/w:962\/h:1024\/q:mauto\/ig:avif\/f:best\/https:\/\/flydesk.com\/wp-content\/uploads\/2019\/11\/RF_3.png\"   decoding=\"async\"   width=\"962\"   height=\"1024\"   class=\"wp-image-2411\"   src=\"https:\/\/mlgucbjxeu1m.i.optimole.com\/cb:B7VA.3e989\/w:962\/h:1024\/q:eco\/ig:avif\/f:best\/https:\/\/flydesk.com\/wp-content\/uploads\/2019\/11\/RF_3.png\" alt=\"\" \/><\/figure>\r\n\r\n\r\n\r\n<p>Rushfaster&#39;s Peak Design Tech Pouch \u00e4r den ultimata resep\u00e5sen f\u00f6r tekniker och kreativa proffs \u2013 b\u00e5de fotografer, videografer och producenter kommer att vara glada \u00f6ver att hitta denna origami-liknande organisat\u00f6r som kommer att ta dem igenom tjockt och tunt i deras \u00e4ventyr.\u00a0<\/p>\r\n\r\n\r\n\r\n<p>Tech-p\u00e5sen \u00e4r gjord av vattenbest\u00e4ndig \u00e5tervinningsbar belagd nylon f\u00f6r att h\u00e5lla sig h\u00e5llbar under de flesta v\u00e4derf\u00f6rh\u00e5llanden, medan den origami-liknande exteri\u00f6ren hj\u00e4lper p\u00e5sen att beh\u00e5lla en fast form. V\u00e5r favoritfunktion \u00e4r den externa blixtl\u00e5sfickan som \u00e4r designad med en kabelgenomf\u00f6ring f\u00f6r enkel laddning av enheten. Interi\u00f6ren \u00e4r v\u00e4ldefinierad: 12 platser och fickor med blixtl\u00e5s i olika storlekar f\u00f6r att passa kablar, externa h\u00e5rddiskar, powerbanks och adaptrar; fyra elastiska \u00f6glor f\u00f6r att lagra mindre f\u00f6rem\u00e5l som pennor, verktyg, SD-kort och batterier. Som om det inte r\u00e4cker kan den g\u00f6ras om till en liten dagv\u00e4ska eller en kamerav\u00e4ska genom att f\u00e4sta valfri Peak Design-remmar p\u00e5 Anchor Links.<\/p>\r\n\r\n\r\n\r\n<p>Den dyraste av de fem, men med tanke p\u00e5 alla dessa imponerande praktiska funktioner kommer den med en ganska rimlig prislapp. N\u00e4r allt kommer omkring \u00e4r det en prioritet att h\u00e5lla sig organiserad.<\/p>\r\n\r\n\r\n\r\n<p>S\u00e5, h\u00e4r \u00e4r v\u00e5ra fem b\u00e4sta arrang\u00f6rer f\u00f6r tekniska tillbeh\u00f6r f\u00f6r olika anv\u00e4ndningsniv\u00e5er, fr\u00e5n minifodralet f\u00f6r det mest n\u00f6dv\u00e4ndiga till den kraftiga v\u00e4skan f\u00f6r de kreativa proffsen, det finns en organisat\u00f6r som passar alla behov f\u00f6r att vara produktiv n\u00e4r du \u00e4r p\u00e5v\u00e4g.<\/p>\r\n\r\n\r\n\r\n<p>F\u00f6r att forts\u00e4tta din str\u00e4van efter den b\u00e4sta utrustningen f\u00f6r distansarbete skrevs den h\u00e4r artikeln f\u00f6r dig <a href=\"https:\/\/flydesk.com\/sv\/insights\/remote-work-products\/\">De b\u00e4sta produkterna designade f\u00f6r distansarbete<\/a>.<\/p>","protected":false},"excerpt":{"rendered":"<p>As traditional workspace continues to evolve, and flexible workforce growing persistently, whether you\u2019re a business owner, executive, or creative, it\u2019s unavoidable to carry a few devices in your bag on a daily basis. Staying organized on the go is essential while gliding through meetings and traveling and is becoming a key factor for your productivity.&hellip;<\/p>","protected":false},"author":7,"featured_media":2399,"comment_status":"open","ping_status":"open","sticky":false,"template":"","format":"standard","meta":{"footnotes":""},"categories":[40,1],"tags":[56,72],"acf":[],"yoast_head":"<!-- This site is optimized with the Yoast SEO plugin v16.8 - https:\/\/yoast.com\/wordpress\/plugins\/seo\/ -->\n<title>Best tech organizers to mobilize your flexible work &mdash; FLYDESK<\/title>\n<meta name=\"description\"  content=\"Flexible workforce is growing persistently, it\u2019s unavoidable to carry a few devices with you on a daily basis. We have rounded up 5 very best tech organizers on the market for you, read on and elevate your flexible work life now. Staying organized is the key to optimal productivity.\" \/>\n<meta name=\"robots\"  content=\"index, follow, max-snippet:-1, max-image-preview:large, max-video-preview:-1\" \/>\n<link rel=\"canonical\"  href=\"https:\/\/flydesk.com\/sv\/insights\/best-tech-organizers-to-mobilize-your-flexible-work\/\" \/>\n<meta property=\"og:locale\"  content=\"sv_SE\" \/>\n<meta property=\"og:type\"  content=\"article\" \/>\n<meta property=\"og:title\"  content=\"Best tech organizers to mobilize your flexible work &mdash; FLYDESK\" \/>\n<meta property=\"og:description\"  content=\"Flexible workforce is growing persistently, it\u2019s unavoidable to carry a few devices with you on a daily basis. We have rounded up 5 very best tech organizers on the market for you, read on and elevate your flexible work life now. Staying organized is the key to optimal productivity.\" \/>\n<meta property=\"og:url\"  content=\"https:\/\/flydesk.com\/sv\/insights\/best-tech-organizers-to-mobilize-your-flexible-work\/\" \/>\n<meta property=\"og:site_name\" content=\"FLYDESK\" \/>\n<meta property=\"article:published_time\"  content=\"2019-11-28T06:54:00+00:00\" \/>\n<meta property=\"article:modified_time\"  content=\"2023-01-11T03:26:30+00:00\" \/>\n<meta property=\"og:image\"  content=\"https:\/\/mlgucbjxeu1m.i.optimole.com\/cb:B7VA.3e989\/w:auto\/h:auto\/q:mauto\/ig:avif\/f:best\/https:\/\/flydesk.com\/wp-content\/uploads\/2019\/11\/NU_1-scaled.png\" \/>\n\t<meta property=\"og:image:width\" content=\"2560\" \/>\n\t<meta property=\"og:image:height\" content=\"1703\" \/>\n<meta name=\"twitter:card\" content=\"summary_large_image\" \/>\n<meta name=\"twitter:label1\" content=\"Skriven av\" \/>\n\t<meta name=\"twitter:data1\"  content=\"FLYDESK\" \/>\n\t<meta name=\"twitter:label2\"  content=\"Ber\u00e4knad l\u00e4stid\" \/>\n\t<meta name=\"twitter:data2\"  content=\"5 minuter\" \/>\n<!-- \/ Yoast SEO plugin. -->","yoast_head_json":{"title":"Best tech organizers to mobilize your flexible work &mdash; FLYDESK","description":"Flexible workforce is growing persistently, it\u2019s unavoidable to carry a few devices with you on a daily basis. We have rounded up 5 very best tech organizers on the market for you, read on and elevate your flexible work life now. Staying organized is the key to optimal productivity.","robots":{"index":"index","follow":"follow","max-snippet":"max-snippet:-1","max-image-preview":"max-image-preview:large","max-video-preview":"max-video-preview:-1"},"canonical":"https:\/\/flydesk.com\/sv\/insights\/best-tech-organizers-to-mobilize-your-flexible-work\/","og_locale":"sv_SE","og_type":"article","og_title":"Best tech organizers to mobilize your flexible work &mdash; FLYDESK","og_description":"Flexible workforce is growing persistently, it\u2019s unavoidable to carry a few devices with you on a daily basis. We have rounded up 5 very best tech organizers on the market for you, read on and elevate your flexible work life now. Staying organized is the key to optimal productivity.","og_url":"https:\/\/flydesk.com\/sv\/insights\/best-tech-organizers-to-mobilize-your-flexible-work\/","og_site_name":"FLYDESK","article_published_time":"2019-11-28T06:54:00+00:00","article_modified_time":"2023-01-11T03:26:30+00:00","og_image":[{"width":2560,"height":1703,"url":"https:\/\/mlgucbjxeu1m.i.optimole.com\/cb:B7VA.3e989\/w:auto\/h:auto\/q:mauto\/ig:avif\/f:best\/https:\/\/flydesk.com\/wp-content\/uploads\/2019\/11\/NU_1-scaled.png","path":"\/sites\/flydesk.com\/files\/wp-content\/uploads\/2019\/11\/NU_1-scaled.png","size":"full","id":2399,"alt":"","pixels":4359680,"type":"image\/png"}],"twitter_card":"summary_large_image","twitter_misc":{"Skriven av":"FLYDESK","Ber\u00e4knad l\u00e4stid":"5 minuter"},"schema":{"@context":"https:\/\/schema.org","@graph":[{"@type":"Organization","@id":"https:\/\/flydesk.com\/#organization","name":"FLYDESK","url":"https:\/\/flydesk.com\/","sameAs":[],"logo":{"@type":"ImageObject","@id":"https:\/\/flydesk.com\/#logo","inLanguage":"sv-SE","url":"","contentUrl":"","caption":"FLYDESK"},"image":{"@id":"https:\/\/flydesk.com\/#logo"}},{"@type":"WebSite","@id":"https:\/\/flydesk.com\/#website","url":"https:\/\/flydesk.com\/","name":"FLYDESK","description":"Fly your work with style","publisher":{"@id":"https:\/\/flydesk.com\/#organization"},"potentialAction":[{"@type":"SearchAction","target":{"@type":"EntryPoint","urlTemplate":"https:\/\/flydesk.com\/?s={search_term_string}"},"query-input":"required name=search_term_string"}],"inLanguage":"sv-SE"},{"@type":"ImageObject","@id":"https:\/\/flydesk.com\/es\/insights\/best-tech-organizers-to-mobilize-your-flexible-work\/#primaryimage","inLanguage":"sv-SE","url":"https:\/\/mlgucbjxeu1m.i.optimole.com\/cb:B7VA.3e989\/w:auto\/h:auto\/q:mauto\/ig:avif\/f:best\/https:\/\/flydesk.com\/wp-content\/uploads\/2019\/11\/NU_1-scaled.png","contentUrl":"https:\/\/mlgucbjxeu1m.i.optimole.com\/cb:B7VA.3e989\/w:auto\/h:auto\/q:mauto\/ig:avif\/f:best\/https:\/\/flydesk.com\/wp-content\/uploads\/2019\/11\/NU_1-scaled.png","width":2560,"height":1703,"caption":"Best tech organizers to mobilize your flexible work"},{"@type":"WebPage","@id":"https:\/\/flydesk.com\/es\/insights\/best-tech-organizers-to-mobilize-your-flexible-work\/#webpage","url":"https:\/\/flydesk.com\/es\/insights\/best-tech-organizers-to-mobilize-your-flexible-work\/","name":"Best tech organizers to mobilize your flexible work &mdash; FLYDESK","isPartOf":{"@id":"https:\/\/flydesk.com\/#website"},"primaryImageOfPage":{"@id":"https:\/\/flydesk.com\/es\/insights\/best-tech-organizers-to-mobilize-your-flexible-work\/#primaryimage"},"datePublished":"2019-11-28T06:54:00+00:00","dateModified":"2023-01-11T03:26:30+00:00","description":"Flexible workforce is growing persistently, it\u2019s unavoidable to carry a few devices with you on a daily basis. We have rounded up 5 very best tech organizers on the market for you, read on and elevate your flexible work life now. Staying organized is the key to optimal productivity.","breadcrumb":{"@id":"https:\/\/flydesk.com\/es\/insights\/best-tech-organizers-to-mobilize-your-flexible-work\/#breadcrumb"},"inLanguage":"sv-SE","potentialAction":[{"@type":"ReadAction","target":["https:\/\/flydesk.com\/es\/insights\/best-tech-organizers-to-mobilize-your-flexible-work\/"]}]},{"@type":"BreadcrumbList","@id":"https:\/\/flydesk.com\/es\/insights\/best-tech-organizers-to-mobilize-your-flexible-work\/#breadcrumb","itemListElement":[{"@type":"ListItem","position":1,"name":"Home","item":"https:\/\/flydesk.com\/"},{"@type":"ListItem","position":2,"name":"Best tech organizers to mobilize your flexible work"}]},{"@type":"Article","@id":"https:\/\/flydesk.com\/es\/insights\/best-tech-organizers-to-mobilize-your-flexible-work\/#article","isPartOf":{"@id":"https:\/\/flydesk.com\/es\/insights\/best-tech-organizers-to-mobilize-your-flexible-work\/#webpage"},"author":{"@id":"https:\/\/flydesk.com\/#\/schema\/person\/7ee7a2a81022450574cd387741e21a36"},"headline":"Best tech organizers to mobilize your flexible work","datePublished":"2019-11-28T06:54:00+00:00","dateModified":"2023-01-11T03:26:30+00:00","mainEntityOfPage":{"@id":"https:\/\/flydesk.com\/es\/insights\/best-tech-organizers-to-mobilize-your-flexible-work\/#webpage"},"wordCount":1032,"commentCount":0,"publisher":{"@id":"https:\/\/flydesk.com\/#organization"},"image":{"@id":"https:\/\/flydesk.com\/es\/insights\/best-tech-organizers-to-mobilize-your-flexible-work\/#primaryimage"},"thumbnailUrl":"https:\/\/mlgucbjxeu1m.i.optimole.com\/cb:B7VA.3e989\/w:auto\/h:auto\/q:mauto\/ig:avif\/f:best\/https:\/\/flydesk.com\/wp-content\/uploads\/2019\/11\/NU_1-scaled.png","keywords":["Efficient devices","Travel"],"articleSection":["Gear","Lifestyle"],"inLanguage":"sv-SE","potentialAction":[{"@type":"CommentAction","name":"Comment","target":["https:\/\/flydesk.com\/es\/insights\/best-tech-organizers-to-mobilize-your-flexible-work\/#respond"]}]},{"@type":"Person","@id":"https:\/\/flydesk.com\/#\/schema\/person\/7ee7a2a81022450574cd387741e21a36","name":"FLYDESK","image":{"@type":"ImageObject","@id":"https:\/\/flydesk.com\/#personlogo","inLanguage":"sv-SE","url":"https:\/\/secure.gravatar.com\/avatar\/01b1d9bab372998a16bd3550155069db?s=96&d=mm&r=g","contentUrl":"https:\/\/secure.gravatar.com\/avatar\/01b1d9bab372998a16bd3550155069db?s=96&d=mm&r=g","caption":"FLYDESK"}}]}},"_links":{"self":[{"href":"https:\/\/flydesk.com\/sv\/wp-json\/wp\/v2\/posts\/2398"}],"collection":[{"href":"https:\/\/flydesk.com\/sv\/wp-json\/wp\/v2\/posts"}],"about":[{"href":"https:\/\/flydesk.com\/sv\/wp-json\/wp\/v2\/types\/post"}],"author":[{"embeddable":true,"href":"https:\/\/flydesk.com\/sv\/wp-json\/wp\/v2\/users\/7"}],"replies":[{"embeddable":true,"href":"https:\/\/flydesk.com\/sv\/wp-json\/wp\/v2\/comments?post=2398"}],"version-history":[{"count":0,"href":"https:\/\/flydesk.com\/sv\/wp-json\/wp\/v2\/posts\/2398\/revisions"}],"wp:featuredmedia":[{"embeddable":true,"href":"https:\/\/flydesk.com\/sv\/wp-json\/wp\/v2\/media\/2399"}],"wp:attachment":[{"href":"https:\/\/flydesk.com\/sv\/wp-json\/wp\/v2\/media?parent=2398"}],"wp:term":[{"taxonomy":"category","embeddable":true,"href":"https:\/\/flydesk.com\/sv\/wp-json\/wp\/v2\/categories?post=2398"},{"taxonomy":"post_tag","embeddable":true,"href":"https:\/\/flydesk.com\/sv\/wp-json\/wp\/v2\/tags?post=2398"}],"curies":[{"name":"wp","href":"https:\/\/api.w.org\/{rel}","templated":true}]}}